[{"@context":"https:\/\/schema.org\/","@type":"Article","@id":"https:\/\/www.peksa.cz\/spolecnost-prarodicu\/#Article","mainEntityOfPage":"https:\/\/www.peksa.cz\/spolecnost-prarodicu\/","headline":"Spole\u010dnost prarodi\u010d\u016f","name":"Spole\u010dnost prarodi\u010d\u016f","description":"Jist\u011b i v\u00e1m je jasn\u00e9, \u017ee spole\u010dnost prarodi\u010d\u016f bude o n\u011bco jin\u00e1, ne\u017e spole\u010dnost va\u0161ich kamar\u00e1d\u016f. Ve spole\u010dnosti prarodi\u010d\u016f je pot\u0159eba po\u010d\u00edtat s\u00a0t\u00edm, \u017ee jednu","datePublished":"2021-09-22","dateModified":"2023-05-01","author":{"@type":"Person","@id":"https:\/\/www.peksa.cz\/author\/#Person","name":"","url":"https:\/\/www.peksa.cz\/author\/","identifier":1,"image":{"@type":"ImageObject","@id":"https:\/\/secure.gravatar.com\/avatar\/6eaf701939e92690bed32d6f2e2c0f9e1355f2e3837c1fb45fbfacf848239e2d?s=96&d=mm&r=g","url":"https:\/\/secure.gravatar.com\/avatar\/6eaf701939e92690bed32d6f2e2c0f9e1355f2e3837c1fb45fbfacf848239e2d?s=96&d=mm&r=g","height":96,"width":96}},"publisher":{"@type":"Organization","name":"peksa.cz","logo":{"@type":"ImageObject","@id":"\/logo.png","url":"\/logo.png","width":600,"height":60}},"image":{"@type":"ImageObject","@id":"https:\/\/www.peksa.cz\/wp-content\/uploads\/ruce.png","url":"https:\/\/www.peksa.cz\/wp-content\/uploads\/ruce.png","height":0,"width":0},"url":"https:\/\/www.peksa.cz\/spolecnost-prarodicu\/","about":["Spole\u010dnost"],"wordCount":444,"articleBody":"Jist\u011b i v\u00e1m je jasn\u00e9, \u017ee spole\u010dnost prarodi\u010d\u016f bude o n\u011bco jin\u00e1, ne\u017e spole\u010dnost va\u0161ich kamar\u00e1d\u016f. Ve spole\u010dnosti prarodi\u010d\u016f je pot\u0159eba po\u010d\u00edtat s\u00a0t\u00edm, \u017ee jednu ot\u00e1zku usly\u0161\u00edte klidn\u011b i 3x, jeliko\u017e si sta\u0159\u00ed lid\u00e9 mnohdy neuv\u011bdomuj\u00ed, \u017ee u\u017e se v\u00e1s na danou v\u011bc ptali nebo velmi rychle zapomenou na to, \u017ee se v\u00e1s ji\u017e ptali. Bohu\u017eel st\u00e1\u0159\u00ed je n\u011bco, co potk\u00e1 ka\u017ed\u00e9ho z\u00a0n\u00e1s a je mo\u017en\u00e9, \u017ee i my to budete m\u00edt s\u00a0na\u0161imi vnou\u010daty stejn\u011b.\u010clov\u011bka mohou potkat v\u0161elijak\u00e9 nemoci, kter\u00e9 budou m\u00edt za n\u00e1sledek to, \u017ee se n\u00e1s bude dan\u00fd \u010dlov\u011bk i v\u00edckr\u00e1t pt\u00e1t na to sam\u00e9 a to, i kdy\u017e by to d\u0159\u00edve neud\u011blal.St\u00e1\u0159\u00ed je n\u011bco, co ovlivn\u00ed nejen lidskou mysl, ale tak\u00e9 fyzickou str\u00e1nku \u010dlov\u011bka. Jist\u011b moc dob\u0159e v\u00edte, \u017ee mohou m\u00edt star\u0161\u00ed lid\u00e9 probl\u00e9m sednout si nebo si nap\u0159\u00edklad lehnout a to bez pomoci druh\u00e9ho.Jsou star\u0161\u00ed lid\u00e9, kte\u0159\u00ed se dnes ji\u017e bez pomoci druh\u00e9 osoby neobejdou a tak m\u016f\u017eete \u010dasto sl\u00fdch\u00e1vat, \u017ee lid\u00e9 sv\u00e9 rodi\u010de umis\u0165uj\u00ed do domov\u016f pro seniory, kde se o n\u011b neust\u00e1le n\u011bkdo star\u00e1, proto\u017ee by oni sami nebyli schopni se sv\u00e9mu rodi\u010di v\u011bnovat 24 hodin denn\u011b. N\u011bco takov\u00e9ho je pochopiteln\u00e9, tak\u017ee za to ur\u010dit\u011b nemus\u00edte b\u00fdt sami na sebe na\u0161tvan\u00ed. Tito lid\u00e9 ale spole\u010dnost sv\u00fdch rodi\u010d\u016f nebo prarodi\u010d\u016f velmi oce\u0148uj\u00ed a tak si je k\u00a0sob\u011b berou alespo\u0148 na v\u00edkend, aby se dan\u00fd \u010dlov\u011bk tak\u00e9 n\u011bkde pod\u00edval. Bohu\u017eel se ale m\u016f\u017ee st\u00e1t, \u017ee \u010d\u00edm star\u0161\u00ed dan\u00fd \u010dlov\u011bk bude, t\u00edm bude obt\u00ed\u017en\u011bj\u0161\u00ed jej n\u011bkam br\u00e1vat, jeliko\u017e u\u017e ho ani nijak neposad\u00edte do auta, abyste ho mohli odv\u00e9zt tam, kam chcete.M\u00edt prarodi\u010de je rozhodn\u011b velk\u00e1 v\u00fdhra a m\u011bli bychom si cenit jejich spole\u010dnosti, dokud tady s\u00a0n\u00e1mi je\u0161t\u011b jsou. Pokud \u010dlov\u011bka potk\u00e1 n\u011bjak\u00e1 nemoc, je mo\u017en\u00e9, \u017ee tady s\u00a0n\u00e1mi ji\u017e p\u0159\u00edli\u0161 dlouho nebude a tak je pot\u0159eba si v\u00e1\u017eit toho \u010dasu, kter\u00fd m\u016f\u017eeme s\u00a0dan\u00fdm \u010dlov\u011bkem str\u00e1vit. Pr\u00e1v\u011b d\u00edky star\u0161\u00edm lidem m\u016f\u017ee \u010dlov\u011bk sly\u0161et r\u016fzn\u00e9 historky, kter\u00e9 se odehr\u00e1ly v\u00a0\u017eivot\u011b dan\u00e9ho \u010dlov\u011bka a n\u011bkdy dan\u00e9 historky stoj\u00ed skute\u010dn\u011b za to.                                                                                                                                                                                                                                                                                                                                                                                                "},{"@context":"https:\/\/schema.org\/","@type":"BreadcrumbList","itemListElement":[{"@type":"ListItem","position":1,"name":"Spole\u010dnost prarodi\u010d\u016f","item":"https:\/\/www.peksa.cz\/spolecnost-prarodicu\/#breadcrumbitem"}]}]