[{"@context":"https:\/\/schema.org\/","@type":"Article","@id":"https:\/\/www.peksa.cz\/mobil-pro-me\/#Article","mainEntityOfPage":"https:\/\/www.peksa.cz\/mobil-pro-me\/","headline":"Mobil pro m\u011b","name":"Mobil pro m\u011b","description":"V dne\u0161n\u00ed dob\u011b u\u017e m\u00e1 asi ka\u017ed\u00fd mobiln\u00ed telefon. Abych se v\u00e1m p\u0159iznala, tak nezn\u00e1m opravdu \u017e\u00e1dn\u00e9ho \u010dlov\u011bka, kter\u00fd by nem\u011bl mobiln\u00ed telefon. Mo\u017en\u00e1 tak","datePublished":"2022-07-05","dateModified":"2023-05-01","author":{"@type":"Person","@id":"https:\/\/www.peksa.cz\/author\/#Person","name":"","url":"https:\/\/www.peksa.cz\/author\/","identifier":1,"image":{"@type":"ImageObject","@id":"https:\/\/secure.gravatar.com\/avatar\/6eaf701939e92690bed32d6f2e2c0f9e1355f2e3837c1fb45fbfacf848239e2d?s=96&d=mm&r=g","url":"https:\/\/secure.gravatar.com\/avatar\/6eaf701939e92690bed32d6f2e2c0f9e1355f2e3837c1fb45fbfacf848239e2d?s=96&d=mm&r=g","height":96,"width":96}},"publisher":{"@type":"Organization","name":"peksa.cz","logo":{"@type":"ImageObject","@id":"\/logo.png","url":"\/logo.png","width":600,"height":60}},"image":{"@type":"ImageObject","@id":"https:\/\/www.peksa.cz\/wp-content\/uploads\/mobile-phone-1573275_960_720.jpg","url":"https:\/\/www.peksa.cz\/wp-content\/uploads\/mobile-phone-1573275_960_720.jpg","height":0,"width":0},"url":"https:\/\/www.peksa.cz\/mobil-pro-me\/","about":["Mobil"],"wordCount":396,"articleBody":"V dne\u0161n\u00ed dob\u011b u\u017e m\u00e1 asi ka\u017ed\u00fd mobiln\u00ed telefon. Abych se v\u00e1m p\u0159iznala, tak nezn\u00e1m opravdu \u017e\u00e1dn\u00e9ho \u010dlov\u011bka, kter\u00fd by nem\u011bl mobiln\u00ed telefon. Mo\u017en\u00e1 tak jedna moje kamar\u00e1dka, kter\u00e9 je dvacet p\u011bt let. Absolutn\u011b nech\u00e1pu, pro\u010d ona nechce m\u00edt mobiln\u00ed telefon. A ona mi \u0159ekla, \u017ee j\u00ed jej\u00ed rodi\u010de \u0159ekli, \u017ee mobiln\u00ed telefon vys\u00edl\u00e1 takov\u00e9 \u0161patn\u00e9 vlny, kter\u00e9 zhor\u0161uj\u00ed zdrav\u00ed a nejsou v\u016fbec prosp\u011b\u0161n\u00e9. Byla jsem naprosto v \u0161oku, kdy\u017e jsem tohle sly\u0161ela. Tohle je \u00fapln\u00e1 pitomost. P\u0159eci \u017e\u00e1dn\u00fd mobil nem\u016f\u017ee \u0161kodit zdrav\u00ed. Kdy\u017e budete p\u0159em\u00fd\u0161let a uva\u017eovat logicky, tak zjist\u00edte, \u017ee ka\u017ed\u00fd, tedy skoro ka\u017ed\u00fd \u010dlov\u011bk na sv\u011bt\u011b m\u00e1 mobiln\u00ed telefon. A n\u011bkdo m\u00e1 t\u0159eba i dva mobiln\u00ed telefony. Tak\u017ee si m\u00e1m, \u017ee kdyby mobiln\u00ed telefon opravdu hodn\u011b \u0161kodil zdrav\u00ed a byl by neprosp\u011b\u0161n\u00fd, tak je logick\u00e9, \u017ee to zdravotnictv\u00ed zak\u00e1\u017ee. J\u00e1 v\u00edm, \u017ee jsi mo\u017en\u00e1 \u0159\u00edk\u00e1te, \u017ee ne, nezak\u00e1\u017ee.Tady jde taky o pen\u00edze, \u017ee by to asi nikdo ani nezru\u0161il. Jenom\u017ee si\u00a0vemte, \u017ee mobiln\u00ed telefon vyu\u017e\u00edvaj\u00ed i hv\u011bzdy a celebrity a\u00a0VIP\u00a0osobnosti, tak\u017ee si nemyslete, \u017ee by mobiln\u00ed telefon vyd\u00e1val n\u011bjak\u00e9 nezdrav\u00e9\u00a0r\u00e1dio vlny. V\u011b\u0159te mi, je to naprost\u00e1 blbost. Mo\u017en\u00e1 to tak bylo d\u0159\u00edve, kdy\u017e byly je\u0161t\u011b starod\u00e1vn\u00e9 mobily nebo telefony. Vzpom\u00edn\u00e1te si je\u0161t\u011b na ty starod\u00e1vn\u00e9 mobily?Mo\u017en\u00e1 to ani nebyl mobiln\u00ed telefon, ale sp\u00ed\u0161e takov\u00fd pevn\u00fd telefon, kter\u00fd se nedal p\u0159en\u00e1\u0161et jako mobiln\u00ed telefon. J\u00e1 si to pamatuji moc dob\u0159e. Je\u0161t\u011b jako d\u00edt\u011b jsme u babi\u010dky m\u011bli klasick\u00fd telefon, kter\u00fd se v\u016fbec nedal p\u0159en\u00e1\u0161et. Mobiln\u00ed telefon byl popul\u00e1rn\u00ed asi kdy\u017e m\u011b bylo patn\u00e1ct let. J\u00e1 jsem mobiln\u00ed telefon m\u011bla asi v sedmn\u00e1cti letech, Byl to takov\u00fd star\u00fd mobiln\u00ed telefon, kter\u00fd dneska u\u017e je \u00fapln\u011b\u00a0pass\u00e9. Nev\u00edm jak vy, ale j\u00e1 osobn\u011b bych si bez mobiln\u00edho telefonu v\u016fbec nedok\u00e1zala sestavit \u017eivot. S mobilem se probouz\u00edm a taky us\u00edn\u00e1m,\u00a0proto\u017ee\u00a0v mobiln\u00edm telefonu m\u00e1m taky bud\u00edk, tak\u017ee mobil je moje d\u016fle\u017eit\u00e1 v\u011bc.\u00a0                                                                                                                                                                                                                                                                                                                                                                                                "},{"@context":"https:\/\/schema.org\/","@type":"BreadcrumbList","itemListElement":[{"@type":"ListItem","position":1,"name":"Mobil pro m\u011b","item":"https:\/\/www.peksa.cz\/mobil-pro-me\/#breadcrumbitem"}]}]