[{"@context":"https:\/\/schema.org\/","@type":"Article","@id":"https:\/\/www.peksa.cz\/krasne-upravena-za-par-minut-s-pouzitim-nekolika-produktu\/#Article","mainEntityOfPage":"https:\/\/www.peksa.cz\/krasne-upravena-za-par-minut-s-pouzitim-nekolika-produktu\/","headline":"Kr\u00e1sn\u011b upraven\u00e1 za p\u00e1r minut s pou\u017eit\u00edm n\u011bkolika produkt\u016f!","name":"Kr\u00e1sn\u011b upraven\u00e1 za p\u00e1r minut s pou\u017eit\u00edm n\u011bkolika produkt\u016f!","description":"Jak bylo \u0159e\u010deno, od ur\u010dit\u00e9ho v\u011bku si m\u00e1lokter\u00e1 \u017eena m\u016f\u017ee dovolit vyj\u00edt z domu nenal\u00ed\u010den\u00e1, proto\u017ee pot\u0159ebuje tro\u0161ku pomoci svoji pleti nejen p\u00e9\u010d\u00ed, ale i","datePublished":"2025-03-15","dateModified":"2025-03-15","author":{"@type":"Person","@id":"https:\/\/www.peksa.cz\/author\/#Person","name":"","url":"https:\/\/www.peksa.cz\/author\/","identifier":1,"image":{"@type":"ImageObject","@id":"https:\/\/secure.gravatar.com\/avatar\/6eaf701939e92690bed32d6f2e2c0f9e1355f2e3837c1fb45fbfacf848239e2d?s=96&d=mm&r=g","url":"https:\/\/secure.gravatar.com\/avatar\/6eaf701939e92690bed32d6f2e2c0f9e1355f2e3837c1fb45fbfacf848239e2d?s=96&d=mm&r=g","height":96,"width":96}},"publisher":{"@type":"Organization","name":"peksa.cz","logo":{"@type":"ImageObject","@id":"\/logo.png","url":"\/logo.png","width":600,"height":60}},"image":{"@type":"ImageObject","@id":"https:\/\/www.peksa.cz\/wp-content\/uploads\/img_a338044_w2805_t1550853129.jpg","url":"https:\/\/www.peksa.cz\/wp-content\/uploads\/img_a338044_w2805_t1550853129.jpg","height":0,"width":0},"url":"https:\/\/www.peksa.cz\/krasne-upravena-za-par-minut-s-pouzitim-nekolika-produktu\/","about":["Zbo\u017e\u00ed"],"wordCount":465,"articleBody":"           Jak bylo \u0159e\u010deno, od ur\u010dit\u00e9ho v\u011bku si m\u00e1lokter\u00e1 \u017eena m\u016f\u017ee dovolit vyj\u00edt z domu nenal\u00ed\u010den\u00e1, proto\u017ee pot\u0159ebuje tro\u0161ku pomoci svoji pleti nejen p\u00e9\u010d\u00ed, ale i l\u00ed\u010den\u00edm. V\u011bt\u0161ina z n\u00e1s tak\u00e9 ka\u017ed\u00e9 r\u00e1no posp\u00edch\u00e1, aby v\u0161echno stihla. Od vypraven\u00ed d\u011bt\u00ed do \u0161koly po odchod do pr\u00e1ce je to jeden velk\u00fd shon a ka\u017ed\u00e1 u\u0161et\u0159en\u00e1 minuta n\u00e1m r\u00e1no pom\u016f\u017ee. Proto i rann\u00ed rutina ve v\u011bci p\u00e9\u010de o ple\u0165 \u010d\u00e1st trp\u00ed. Je t\u0159eba se tedy nau\u010dit, jak zvl\u00e1dnout p\u0159\u00edpravy na cel\u00fd den rychle, snadno a s p\u00e1r produkty, kter\u00e9 koup\u00edte v ka\u017ed\u00e9 drogerii \u010di na ka\u017ed\u00e9m e-shopu s kosmetikou. Jak\u00e9 zbo\u017e\u00ed tedy ur\u010dit\u011b vybrat, abychom r\u00e1no vypadaly v\u017edy skv\u011ble a upraven\u011b?  \u2022 Pe\u010duj\u00edc\u00ed kr\u00e9m Ka\u017ed\u00e9 r\u00e1no je pot\u0159eba ple\u0165 d\u016fkladn\u011b vy\u010distit, ale tak\u00e9 o ni \u0159\u00e1dn\u011b pe\u010dovat. Kdy\u017e u\u017e nic jin\u00e9ho, je denn\u00ed kr\u00e9m vhodn\u00fd pro v\u00e1\u0161 typ pleti, nutnost\u00ed! Bez p\u00e9\u010de nebudeme m\u00edt kr\u00e1snou ple\u0165 a ve\u0161ker\u00e9 l\u00ed\u010den\u00ed pak bude k ni\u010demu. \u2022 Korektor Bez korektoru si m\u016f\u017ee dovolit \u017e\u00edt jen ta, kter\u00e1 m\u00e1 opravdu bezchybnou ple\u0165. Uka\u017ete n\u00e1m jednu \u017eena, kter\u00e1 takovou ple\u0165 m\u00e1 po dobu 365 dn\u016f v roce. Takov\u00e1 asi nen\u00ed. Vyberte si korektor, kter\u00fd v\u00e1m bude sed\u011bt a v\u017edy po vst\u0159eb\u00e1n\u00ed kr\u00e9mu zakryjte nedokonalosti. Korektor \u0159\u00e1dn\u011b zapracujte, aby nebyl v podstat\u011b vid\u011bt, ale aby kryl nedokonalosti.  \u2022 Pudr Majitelky mastn\u011bj\u0161\u00edho typu pleti by ur\u010dit\u011b pudr m\u00edt m\u011bly v ka\u017ed\u00e9m p\u0159\u00edpad\u011b. Samoz\u0159ejm\u011b je ide\u00e1ln\u00ed, pokud u\u017e nepou\u017eijete r\u00e1no make-up, zafixovat korektor pr\u00e1v\u011b pudrem. Pokud si nejste jist\u00e1 vhodn\u00fdm odst\u00ednem, zkuste si vybrat transparentn\u00ed pudr, kter\u00fd se p\u0159izp\u016fsob\u00ed dokonale ka\u017ed\u00e9 barv\u011b pleti. \u2022 \u0158asenka Zv\u00fdrazn\u011bn\u00e9 \u0159asy kr\u00e1sn\u011b zv\u00fdrazn\u00ed oko. Kr\u00e1sn\u00e9 oko upout\u00e1 pozornost a dod\u00e1 obli\u010deji upraven\u00fd vzhled. Na denn\u00ed no\u0161en\u00ed nen\u00ed nutn\u00e9 m\u00edt \u0159asenku \u010dernou, ale m\u016f\u017eete p\u0159\u00edpadn\u011b, pokud byste se v \u010dern\u00e9 nec\u00edtila dob\u0159e, pou\u017e\u00edvat i hn\u011bdou \u0159asenku, kter\u00e1 nep\u016fsob\u00ed tak tvrd\u011b, v\u00fdrazn\u011b, ale \u0159asy p\u0159esto kr\u00e1sn\u011b zv\u00fdrazn\u00ed. \u2022 R\u016f\u017e na tv\u00e1\u0159 Tv\u00e1\u0159, kter\u00e1 p\u0159\u00edmo vol\u00e1, \u017ee jste zdrav\u00e1, mlad\u00e1 a pln\u00e1 energie je to, po \u010dem tou\u017e\u00edme. Vyb\u00edrejte proto r\u016f\u017e na tv\u00e1\u0159, kter\u00e1 perfektn\u011b padne k va\u0161emu typu pleti. Ned\u00e1vejte j\u00ed p\u0159\u00edli\u0161 mnoho, abyste nep\u016fsobila dojmem carevny, ale aplikujte ji \u0161t\u011btcem v decentn\u00edm mno\u017estv\u00ed. Ve spolupr\u00e1ci s https:\/\/biolabshop.cz\/.                                                                                                                                                                                                                                                                                                                                                                                                  "},{"@context":"https:\/\/schema.org\/","@type":"BreadcrumbList","itemListElement":[{"@type":"ListItem","position":1,"name":"Kr\u00e1sn\u011b upraven\u00e1 za p\u00e1r minut s pou\u017eit\u00edm n\u011bkolika produkt\u016f!","item":"https:\/\/www.peksa.cz\/krasne-upravena-za-par-minut-s-pouzitim-nekolika-produktu\/#breadcrumbitem"}]}]